{"id":782,"date":"2025-02-25T22:06:18","date_gmt":"2025-02-25T21:06:18","guid":{"rendered":"https:\/\/volleyball-lisieux.fr\/?p=782"},"modified":"2025-02-26T18:01:01","modified_gmt":"2025-02-26T17:01:01","slug":"elementor-782","status":"publish","type":"post","link":"https:\/\/volleyball-lisieux.fr\/?p=782","title":{"rendered":"Sortie du club 2025"},"content":{"rendered":"\t\t<div data-elementor-type=\"wp-post\" data-elementor-id=\"782\" class=\"elementor elementor-782\">\n\t\t\t\t\t\t\t\t\t<section class=\"elementor-section elementor-top-section elementor-element elementor-element-ba822a3 elementor-section-boxed elementor-section-height-default elementor-section-height-default wpr-particle-no wpr-jarallax-no wpr-parallax-no wpr-sticky-section-no\" data-id=\"ba822a3\" data-element_type=\"section\">\n\t\t\t\t\t\t<div class=\"elementor-container elementor-column-gap-default\">\n\t\t\t\t\t<div class=\"elementor-column elementor-col-100 elementor-top-column elementor-element elementor-element-9f8e983\" data-id=\"9f8e983\" data-element_type=\"column\">\n\t\t\t<div class=\"elementor-widget-wrap elementor-element-populated\">\n\t\t\t\t\t\t\t\t<div class=\"elementor-element elementor-element-4e9e86b elementor-widget elementor-widget-heading\" data-id=\"4e9e86b\" data-element_type=\"widget\" data-widget_type=\"heading.default\">\n\t\t\t\t<div class=\"elementor-widget-container\">\n\t\t\t<style>\/*! elementor - v3.13.1 - 09-05-2023 *\/\n.elementor-heading-title{padding:0;margin:0;line-height:1}.elementor-widget-heading .elementor-heading-title[class*=elementor-size-]>a{color:inherit;font-size:inherit;line-height:inherit}.elementor-widget-heading .elementor-heading-title.elementor-size-small{font-size:15px}.elementor-widget-heading .elementor-heading-title.elementor-size-medium{font-size:19px}.elementor-widget-heading .elementor-heading-title.elementor-size-large{font-size:29px}.elementor-widget-heading .elementor-heading-title.elementor-size-xl{font-size:39px}.elementor-widget-heading .elementor-heading-title.elementor-size-xxl{font-size:59px}<\/style><h2 class=\"elementor-heading-title elementor-size-default\">Sortie du club 2025<\/h2>\t\t<\/div>\n\t\t\t\t<\/div>\n\t\t\t\t\t<\/div>\n\t\t<\/div>\n\t\t\t\t\t\t\t<\/div>\n\t\t<\/section>\n\t\t\t\t<section class=\"elementor-section elementor-top-section elementor-element elementor-element-a4a0c8b elementor-section-boxed elementor-section-height-default elementor-section-height-default wpr-particle-no wpr-jarallax-no wpr-parallax-no wpr-sticky-section-no\" data-id=\"a4a0c8b\" data-element_type=\"section\">\n\t\t\t\t\t\t<div class=\"elementor-container elementor-column-gap-default\">\n\t\t\t\t\t<div class=\"elementor-column elementor-col-100 elementor-top-column elementor-element elementor-element-a57b838\" data-id=\"a57b838\" data-element_type=\"column\">\n\t\t\t<div class=\"elementor-widget-wrap elementor-element-populated\">\n\t\t\t\t\t\t\t\t<div class=\"elementor-element elementor-element-d13c0f4 elementor-widget elementor-widget-text-editor\" data-id=\"d13c0f4\" data-element_type=\"widget\" data-widget_type=\"text-editor.default\">\n\t\t\t\t<div class=\"elementor-widget-container\">\n\t\t\t<style>\/*! elementor - v3.13.1 - 09-05-2023 *\/\n.elementor-widget-text-editor.elementor-drop-cap-view-stacked .elementor-drop-cap{background-color:#69727d;color:#fff}.elementor-widget-text-editor.elementor-drop-cap-view-framed .elementor-drop-cap{color:#69727d;border:3px solid;background-color:transparent}.elementor-widget-text-editor:not(.elementor-drop-cap-view-default) .elementor-drop-cap{margin-top:8px}.elementor-widget-text-editor:not(.elementor-drop-cap-view-default) .elementor-drop-cap-letter{width:1em;height:1em}.elementor-widget-text-editor .elementor-drop-cap{float:left;text-align:center;line-height:1;font-size:50px}.elementor-widget-text-editor .elementor-drop-cap-letter{display:inline-block}<\/style>\t\t\t\t<p>Chers licenci\u00e9s-\u00e9es,<\/p><p>Une sortie est organis\u00e9e le\u00a0<b>29 mars 2025<\/b>\u00a0pour aller voir la\u00a0<b>finale f\u00e9minine de la Coupe de France de Volley-ball<\/b>. Le match aura lieu au Colis\u00e9e de Chartres \u00e0 15h30.<\/p><div dir=\"auto\">Nous vous proposons un rendez vous \u00e0\u00a0<u>11h45 sur le parking devant le Oncle Scott\u2019s \u00e0 Lisieux pour un d\u00e9part \u00e0 12h00 en bus<\/u>.\u00a0Le nombre de place est limit\u00e9, r\u00e9servez vos places au plus vite !<\/div><div dir=\"auto\">\u00a0<\/div><div dir=\"auto\">Voici le lien pour enregistrer votre inscription.<\/div><div dir=\"auto\">\u00a0<\/div><div dir=\"auto\">Merci de bien compl\u00e9ter les informations. La sortie est ouverte \u00e0 tous.<\/div><div dir=\"auto\">\u00a0<\/div><div dir=\"auto\">\u00a0<\/div><div><a href=\"https:\/\/docs.google.com\/forms\/d\/e\/1FAIpQLSdMnnltD2Y8wJZ1n-YSFI5VeUeEdj61sRicayMqu9GPFJokrg\/viewform?usp=header\" target=\"_blank\" rel=\"noopener\" data-saferedirecturl=\"https:\/\/www.google.com\/url?q=https:\/\/docs.google.com\/forms\/d\/e\/1FAIpQLSdMnnltD2Y8wJZ1n-YSFI5VeUeEdj61sRicayMqu9GPFJokrg\/viewform?usp%3Dheader&amp;source=gmail&amp;ust=1740129069655000&amp;usg=AOvVaw0ixanzqpUUCQBEl3hg-mvk\">Formulaire pour l\u2019inscriptio<\/a>n<\/div><div>\u00a0<\/div><div dir=\"auto\">Le prix de la sortie incluant le bus et la place est le suivant :<\/div><div dir=\"auto\">\u00a0<\/div><div dir=\"auto\">\u2013 20\u20ac pour les majeurs licenci\u00e9s ou non<\/div><div>\u2013 15\u20ac pour les mineurs non licenci\u00e9s<\/div><div dir=\"auto\">\u2013 5\u20ac pour les mineurs licenci\u00e9s<\/div><div dir=\"auto\">\u00a0<\/div><div dir=\"auto\">\u00a0<\/div><div dir=\"auto\">Le r\u00e8glement peut se faire par ch\u00e8que, esp\u00e8ce ou virement. Il doit \u00eatre fait au plus tard avant de monter dans le bus.<\/div><div dir=\"auto\">\u00a0<\/div><div dir=\"auto\">\u00a0<\/div><div>Pour le r\u00e8glement par virement, merci d\u2019indiquer votre nom et pr\u00e9nom en libell\u00e9.<\/div><div>\u00a0<\/div><div dir=\"auto\">\u00a0<\/div><div dir=\"auto\">Pensez \u00e0 pr\u00e9voir votre pique nique si n\u00e9cessaire.<\/div><div dir=\"auto\">\u00a0<\/div><div dir=\"auto\">\u00a0<\/div><div>Nous esp\u00e9rons que cette sortie vous plaira !<\/div><p>\u00a0<\/p>\t\t\t\t\t\t<\/div>\n\t\t\t\t<\/div>\n\t\t\t\t\t<\/div>\n\t\t<\/div>\n\t\t\t\t\t\t\t<\/div>\n\t\t<\/section>\n\t\t\t\t<section class=\"elementor-section elementor-top-section elementor-element elementor-element-386c41c elementor-section-boxed elementor-section-height-default elementor-section-height-default wpr-particle-no wpr-jarallax-no wpr-parallax-no wpr-sticky-section-no\" data-id=\"386c41c\" data-element_type=\"section\">\n\t\t\t\t\t\t<div class=\"elementor-container elementor-column-gap-default\">\n\t\t\t\t\t<div class=\"elementor-column elementor-col-100 elementor-top-column elementor-element elementor-element-0bc805b\" data-id=\"0bc805b\" data-element_type=\"column\">\n\t\t\t<div class=\"elementor-widget-wrap elementor-element-populated\">\n\t\t\t\t\t\t\t\t<div class=\"elementor-element elementor-element-ad0487f elementor-widget elementor-widget-image\" data-id=\"ad0487f\" data-element_type=\"widget\" data-widget_type=\"image.default\">\n\t\t\t\t<div class=\"elementor-widget-container\">\n\t\t\t<style>\/*! elementor - v3.13.1 - 09-05-2023 *\/\n.elementor-widget-image{text-align:center}.elementor-widget-image a{display:inline-block}.elementor-widget-image a img[src$=\".svg\"]{width:48px}.elementor-widget-image img{vertical-align:middle;display:inline-block}<\/style>\t\t\t\t\t\t\t\t\t\t\t\t<img loading=\"lazy\" decoding=\"async\" width=\"323\" height=\"404\" src=\"https:\/\/volleyball-lisieux.fr\/wp-content\/uploads\/2025\/02\/a3_affiche_cdf_2025_w323_h426_fixed-width_1734362336.jpg\" class=\"attachment-large size-large wp-image-580\" alt=\"\" srcset=\"https:\/\/volleyball-lisieux.fr\/wp-content\/uploads\/2025\/02\/a3_affiche_cdf_2025_w323_h426_fixed-width_1734362336.jpg 323w, https:\/\/volleyball-lisieux.fr\/wp-content\/uploads\/2025\/02\/a3_affiche_cdf_2025_w323_h426_fixed-width_1734362336-240x300.jpg 240w\" sizes=\"auto, (max-width: 323px) 100vw, 323px\" \/>\t\t\t\t\t\t\t\t\t\t\t\t\t\t\t<\/div>\n\t\t\t\t<\/div>\n\t\t\t\t\t<\/div>\n\t\t<\/div>\n\t\t\t\t\t\t\t<\/div>\n\t\t<\/section>\n\t\t\t\t\t\t\t<\/div>\n\t\t","protected":false},"excerpt":{"rendered":"<p>Sortie du club 2025 Chers licenci\u00e9s-\u00e9es, Une sortie est organis\u00e9e le\u00a029 mars 2025\u00a0pour aller voir la\u00a0finale f\u00e9minine de la Coupe de France de Volley-ball. Le match aura lieu au Colis\u00e9e de Chartres \u00e0 15h30. Nous vous proposons un rendez vous \u00e0\u00a011h45 sur le parking devant le Oncle Scott\u2019s \u00e0 Lisieux pour un d\u00e9part \u00e0 12h00&#8230;<\/p>\n","protected":false},"author":2,"featured_media":0,"comment_status":"open","ping_status":"open","sticky":false,"template":"","format":"standard","meta":{"_kad_post_transparent":"","_kad_post_title":"","_kad_post_layout":"","_kad_post_sidebar_id":"","_kad_post_content_style":"","_kad_post_vertical_padding":"","_kad_post_feature":"","_kad_post_feature_position":"","_kad_post_header":false,"_kad_post_footer":false,"footnotes":""},"categories":[1],"tags":[],"class_list":["post-782","post","type-post","status-publish","format-standard","hentry","category-vie-du-club"],"_links":{"self":[{"href":"https:\/\/volleyball-lisieux.fr\/index.php?rest_route=\/wp\/v2\/posts\/782","targetHints":{"allow":["GET"]}}],"collection":[{"href":"https:\/\/volleyball-lisieux.fr\/index.php?rest_route=\/wp\/v2\/posts"}],"about":[{"href":"https:\/\/volleyball-lisieux.fr\/index.php?rest_route=\/wp\/v2\/types\/post"}],"author":[{"embeddable":true,"href":"https:\/\/volleyball-lisieux.fr\/index.php?rest_route=\/wp\/v2\/users\/2"}],"replies":[{"embeddable":true,"href":"https:\/\/volleyball-lisieux.fr\/index.php?rest_route=%2Fwp%2Fv2%2Fcomments&post=782"}],"version-history":[{"count":8,"href":"https:\/\/volleyball-lisieux.fr\/index.php?rest_route=\/wp\/v2\/posts\/782\/revisions"}],"predecessor-version":[{"id":837,"href":"https:\/\/volleyball-lisieux.fr\/index.php?rest_route=\/wp\/v2\/posts\/782\/revisions\/837"}],"wp:attachment":[{"href":"https:\/\/volleyball-lisieux.fr\/index.php?rest_route=%2Fwp%2Fv2%2Fmedia&parent=782"}],"wp:term":[{"taxonomy":"category","embeddable":true,"href":"https:\/\/volleyball-lisieux.fr\/index.php?rest_route=%2Fwp%2Fv2%2Fcategories&post=782"},{"taxonomy":"post_tag","embeddable":true,"href":"https:\/\/volleyball-lisieux.fr\/index.php?rest_route=%2Fwp%2Fv2%2Ftags&post=782"}],"curies":[{"name":"wp","href":"https:\/\/api.w.org\/{rel}","templated":true}]}}