{"id":796,"date":"2025-02-26T08:38:42","date_gmt":"2025-02-26T07:38:42","guid":{"rendered":"https:\/\/volleyball-lisieux.fr\/?page_id=69\/?p=796"},"modified":"2025-02-26T17:59:55","modified_gmt":"2025-02-26T16:59:55","slug":"2eme-phase-competlib","status":"publish","type":"post","link":"https:\/\/volleyball-lisieux.fr\/?p=796","title":{"rendered":"2\u00e8me phase comp\u00e8t&rsquo;lib 2025"},"content":{"rendered":"\t\t<div data-elementor-type=\"wp-post\" data-elementor-id=\"796\" class=\"elementor elementor-796\">\n\t\t\t\t\t\t\t\t\t<section class=\"elementor-section elementor-top-section elementor-element elementor-element-5e9ce4a6 elementor-section-boxed elementor-section-height-default elementor-section-height-default wpr-particle-no wpr-jarallax-no wpr-parallax-no wpr-sticky-section-no\" data-id=\"5e9ce4a6\" data-element_type=\"section\">\n\t\t\t\t\t\t<div class=\"elementor-container elementor-column-gap-default\">\n\t\t\t\t\t<div class=\"elementor-column elementor-col-100 elementor-top-column elementor-element elementor-element-13891845\" data-id=\"13891845\" data-element_type=\"column\">\n\t\t\t<div class=\"elementor-widget-wrap elementor-element-populated\">\n\t\t\t\t\t\t\t\t<div class=\"elementor-element elementor-element-4050736d elementor-widget elementor-widget-text-editor\" data-id=\"4050736d\" data-element_type=\"widget\" data-widget_type=\"text-editor.default\">\n\t\t\t\t<div class=\"elementor-widget-container\">\n\t\t\t<style>\/*! elementor - v3.13.1 - 09-05-2023 *\/\n.elementor-widget-text-editor.elementor-drop-cap-view-stacked .elementor-drop-cap{background-color:#69727d;color:#fff}.elementor-widget-text-editor.elementor-drop-cap-view-framed .elementor-drop-cap{color:#69727d;border:3px solid;background-color:transparent}.elementor-widget-text-editor:not(.elementor-drop-cap-view-default) .elementor-drop-cap{margin-top:8px}.elementor-widget-text-editor:not(.elementor-drop-cap-view-default) .elementor-drop-cap-letter{width:1em;height:1em}.elementor-widget-text-editor .elementor-drop-cap{float:left;text-align:center;line-height:1;font-size:50px}.elementor-widget-text-editor .elementor-drop-cap-letter{display:inline-block}<\/style>\t\t\t\t<!-- wp:paragraph -->\n<p>La deuxi\u00e8me phase Comp\u00e8t&rsquo;lib aura lieu vendredi 28 mars 2025 \u00e0 Epron. Venez soutenir les 2 \u00e9quipes de Lisieux ! Le gagnant de ce deuxi\u00e8me tour ira en finale r\u00e9gionale pour esp\u00e9rer acc\u00e9der ensuite \u00e0 la finale nationale.<\/p>\n<!-- \/wp:paragraph -->\n\n<!-- wp:paragraph -->\n<p><\/p>\n<!-- \/wp:paragraph -->\t\t\t\t\t\t<\/div>\n\t\t\t\t<\/div>\n\t\t\t\t\t<\/div>\n\t\t<\/div>\n\t\t\t\t\t\t\t<\/div>\n\t\t<\/section>\n\t\t\t\t<section class=\"elementor-section elementor-top-section elementor-element elementor-element-f63b864 elementor-section-boxed elementor-section-height-default elementor-section-height-default wpr-particle-no wpr-jarallax-no wpr-parallax-no wpr-sticky-section-no\" data-id=\"f63b864\" data-element_type=\"section\">\n\t\t\t\t\t\t<div class=\"elementor-container elementor-column-gap-default\">\n\t\t\t\t\t<div class=\"elementor-column elementor-col-100 elementor-top-column elementor-element elementor-element-b5c9b63\" data-id=\"b5c9b63\" data-element_type=\"column\">\n\t\t\t<div class=\"elementor-widget-wrap elementor-element-populated\">\n\t\t\t\t\t\t\t\t<div class=\"elementor-element elementor-element-bea1ba9 elementor-widget elementor-widget-image\" data-id=\"bea1ba9\" data-element_type=\"widget\" data-widget_type=\"image.default\">\n\t\t\t\t<div class=\"elementor-widget-container\">\n\t\t\t<style>\/*! elementor - v3.13.1 - 09-05-2023 *\/\n.elementor-widget-image{text-align:center}.elementor-widget-image a{display:inline-block}.elementor-widget-image a img[src$=\".svg\"]{width:48px}.elementor-widget-image img{vertical-align:middle;display:inline-block}<\/style>\t\t\t\t\t\t\t\t\t\t\t\t<img loading=\"lazy\" decoding=\"async\" width=\"1024\" height=\"1017\" src=\"https:\/\/volleyball-lisieux.fr\/wp-content\/uploads\/2025\/02\/Screenshot_20250226_083216-1024x1017.jpg\" class=\"attachment-large size-large wp-image-797\" alt=\"\" srcset=\"https:\/\/volleyball-lisieux.fr\/wp-content\/uploads\/2025\/02\/Screenshot_20250226_083216-1024x1017.jpg 1024w, https:\/\/volleyball-lisieux.fr\/wp-content\/uploads\/2025\/02\/Screenshot_20250226_083216-300x298.jpg 300w, https:\/\/volleyball-lisieux.fr\/wp-content\/uploads\/2025\/02\/Screenshot_20250226_083216-150x150.jpg 150w, https:\/\/volleyball-lisieux.fr\/wp-content\/uploads\/2025\/02\/Screenshot_20250226_083216-768x763.jpg 768w, https:\/\/volleyball-lisieux.fr\/wp-content\/uploads\/2025\/02\/Screenshot_20250226_083216.jpg 1080w\" sizes=\"auto, (max-width: 1024px) 100vw, 1024px\" \/>\t\t\t\t\t\t\t\t\t\t\t\t\t\t\t<\/div>\n\t\t\t\t<\/div>\n\t\t\t\t\t<\/div>\n\t\t<\/div>\n\t\t\t\t\t\t\t<\/div>\n\t\t<\/section>\n\t\t\t\t\t\t\t<\/div>\n\t\t","protected":false},"excerpt":{"rendered":"<p>La deuxi\u00e8me phase Comp\u00e8t&rsquo;lib aura lieu vendredi 28 mars 2025 \u00e0 Epron. Venez soutenir les 2 \u00e9quipes de Lisieux ! Le gagnant de ce deuxi\u00e8me tour ira en finale r\u00e9gionale pour esp\u00e9rer acc\u00e9der ensuite \u00e0 la finale nationale.<\/p>\n","protected":false},"author":2,"featured_media":0,"comment_status":"open","ping_status":"open","sticky":false,"template":"","format":"standard","meta":{"_kad_post_transparent":"","_kad_post_title":"","_kad_post_layout":"","_kad_post_sidebar_id":"","_kad_post_content_style":"","_kad_post_vertical_padding":"","_kad_post_feature":"","_kad_post_feature_position":"","_kad_post_header":false,"_kad_post_footer":false,"footnotes":""},"categories":[4],"tags":[],"class_list":["post-796","post","type-post","status-publish","format-standard","hentry","category-evenement"],"_links":{"self":[{"href":"https:\/\/volleyball-lisieux.fr\/index.php?rest_route=\/wp\/v2\/posts\/796","targetHints":{"allow":["GET"]}}],"collection":[{"href":"https:\/\/volleyball-lisieux.fr\/index.php?rest_route=\/wp\/v2\/posts"}],"about":[{"href":"https:\/\/volleyball-lisieux.fr\/index.php?rest_route=\/wp\/v2\/types\/post"}],"author":[{"embeddable":true,"href":"https:\/\/volleyball-lisieux.fr\/index.php?rest_route=\/wp\/v2\/users\/2"}],"replies":[{"embeddable":true,"href":"https:\/\/volleyball-lisieux.fr\/index.php?rest_route=%2Fwp%2Fv2%2Fcomments&post=796"}],"version-history":[{"count":6,"href":"https:\/\/volleyball-lisieux.fr\/index.php?rest_route=\/wp\/v2\/posts\/796\/revisions"}],"predecessor-version":[{"id":834,"href":"https:\/\/volleyball-lisieux.fr\/index.php?rest_route=\/wp\/v2\/posts\/796\/revisions\/834"}],"wp:attachment":[{"href":"https:\/\/volleyball-lisieux.fr\/index.php?rest_route=%2Fwp%2Fv2%2Fmedia&parent=796"}],"wp:term":[{"taxonomy":"category","embeddable":true,"href":"https:\/\/volleyball-lisieux.fr\/index.php?rest_route=%2Fwp%2Fv2%2Fcategories&post=796"},{"taxonomy":"post_tag","embeddable":true,"href":"https:\/\/volleyball-lisieux.fr\/index.php?rest_route=%2Fwp%2Fv2%2Ftags&post=796"}],"curies":[{"name":"wp","href":"https:\/\/api.w.org\/{rel}","templated":true}]}}