{"id":880,"date":"2025-07-16T12:03:26","date_gmt":"2025-07-16T10:03:26","guid":{"rendered":"https:\/\/volleyball-lisieux.fr\/?p=880"},"modified":"2025-07-16T17:42:58","modified_gmt":"2025-07-16T15:42:58","slug":"bureau-pour-la-saison-2025-2026","status":"publish","type":"post","link":"https:\/\/volleyball-lisieux.fr\/?p=880","title":{"rendered":"Bureau pour la saison 2025-2026"},"content":{"rendered":"\t\t<div data-elementor-type=\"wp-post\" data-elementor-id=\"880\" class=\"elementor elementor-880\">\n\t\t\t\t\t\t\t\t\t<section class=\"elementor-section elementor-top-section elementor-element elementor-element-12f2839 elementor-section-boxed elementor-section-height-default elementor-section-height-default wpr-particle-no wpr-jarallax-no wpr-parallax-no wpr-sticky-section-no\" data-id=\"12f2839\" data-element_type=\"section\">\n\t\t\t\t\t\t<div class=\"elementor-container elementor-column-gap-default\">\n\t\t\t\t\t<div class=\"elementor-column elementor-col-100 elementor-top-column elementor-element elementor-element-36d0496\" data-id=\"36d0496\" data-element_type=\"column\">\n\t\t\t<div class=\"elementor-widget-wrap elementor-element-populated\">\n\t\t\t\t\t\t\t\t<section class=\"elementor-section elementor-inner-section elementor-element elementor-element-483b775 elementor-section-boxed elementor-section-height-default elementor-section-height-default wpr-particle-no wpr-jarallax-no wpr-parallax-no wpr-sticky-section-no\" data-id=\"483b775\" data-element_type=\"section\">\n\t\t\t\t\t\t<div class=\"elementor-container elementor-column-gap-default\">\n\t\t\t\t\t<div class=\"elementor-column elementor-col-50 elementor-inner-column elementor-element elementor-element-5908d67\" data-id=\"5908d67\" data-element_type=\"column\">\n\t\t\t<div class=\"elementor-widget-wrap elementor-element-populated\">\n\t\t\t\t\t\t\t\t<div class=\"elementor-element elementor-element-17a2a0f elementor-widget elementor-widget-text-editor\" data-id=\"17a2a0f\" data-element_type=\"widget\" data-widget_type=\"text-editor.default\">\n\t\t\t\t<div class=\"elementor-widget-container\">\n\t\t\t<style>\/*! elementor - v3.13.1 - 09-05-2023 *\/\n.elementor-widget-text-editor.elementor-drop-cap-view-stacked .elementor-drop-cap{background-color:#69727d;color:#fff}.elementor-widget-text-editor.elementor-drop-cap-view-framed .elementor-drop-cap{color:#69727d;border:3px solid;background-color:transparent}.elementor-widget-text-editor:not(.elementor-drop-cap-view-default) .elementor-drop-cap{margin-top:8px}.elementor-widget-text-editor:not(.elementor-drop-cap-view-default) .elementor-drop-cap-letter{width:1em;height:1em}.elementor-widget-text-editor .elementor-drop-cap{float:left;text-align:center;line-height:1;font-size:50px}.elementor-widget-text-editor .elementor-drop-cap-letter{display:inline-block}<\/style>\t\t\t\t<p>Suite \u00e0 l&rsquo;assembl\u00e9e g\u00e9n\u00e9rale qui s&rsquo;est tenue le 25 juin 2025, voici le nouveau bureau du VBCAL. Apr\u00e8s 10 ans de pr\u00e9sidence, Mehdi laisse sa place \u00e0 Erik.<\/p>\n<p>Nous accueillons parmi nous Maximilien, Geoffroy, Damien et Adeline.<\/p>\n<p>Le seul membre sortant cette ann\u00e9e est Yannick, notre ancien secr\u00e9taire.<\/p>\n<p>Suite \u00e0 ces changements, merci d&rsquo;utiliser les nouvelles coordonn\u00e9es de contact.<\/p>\t\t\t\t\t\t<\/div>\n\t\t\t\t<\/div>\n\t\t\t\t<div class=\"elementor-element elementor-element-943589c wpr-pc-btn-align-fixed-left wpr-pc-btn-align-fixed wpr-pc-btn-icon-right elementor-widget elementor-widget-wpr-phone-call\" data-id=\"943589c\" data-element_type=\"widget\" data-widget_type=\"wpr-phone-call.default\">\n\t\t\t\t<div class=\"elementor-widget-container\">\n\t\t\t<div class=\"wpr-pc-wrapper\"><a href=\"tel:+33783748541\" class=\"wpr-pc-btn\"><div class=\"wpr-pc-content\"><span class=\"wpr-pc-text\">Contact<\/span><span class=\"wpr-pc-btn-icon\"><i class=\"fas fa-phone\"><\/i><\/span><\/div><\/a><\/div>\t\t<\/div>\n\t\t\t\t<\/div>\n\t\t\t\t\t<\/div>\n\t\t<\/div>\n\t\t\t\t<div class=\"elementor-column elementor-col-50 elementor-inner-column elementor-element elementor-element-72d8500\" data-id=\"72d8500\" data-element_type=\"column\">\n\t\t\t<div class=\"elementor-widget-wrap elementor-element-populated\">\n\t\t\t\t\t\t\t\t<div class=\"elementor-element elementor-element-879752b elementor-widget elementor-widget-image\" data-id=\"879752b\" data-element_type=\"widget\" data-widget_type=\"image.default\">\n\t\t\t\t<div class=\"elementor-widget-container\">\n\t\t\t<style>\/*! elementor - v3.13.1 - 09-05-2023 *\/\n.elementor-widget-image{text-align:center}.elementor-widget-image a{display:inline-block}.elementor-widget-image a img[src$=\".svg\"]{width:48px}.elementor-widget-image img{vertical-align:middle;display:inline-block}<\/style>\t\t\t\t\t\t\t\t\t\t\t\t<img loading=\"lazy\" decoding=\"async\" width=\"819\" height=\"1024\" src=\"https:\/\/volleyball-lisieux.fr\/wp-content\/uploads\/2025\/07\/1000050266-819x1024.png\" class=\"attachment-large size-large wp-image-884\" alt=\"\" srcset=\"https:\/\/volleyball-lisieux.fr\/wp-content\/uploads\/2025\/07\/1000050266-819x1024.png 819w, https:\/\/volleyball-lisieux.fr\/wp-content\/uploads\/2025\/07\/1000050266-240x300.png 240w, https:\/\/volleyball-lisieux.fr\/wp-content\/uploads\/2025\/07\/1000050266-768x960.png 768w, https:\/\/volleyball-lisieux.fr\/wp-content\/uploads\/2025\/07\/1000050266.png 1080w\" sizes=\"auto, (max-width: 819px) 100vw, 819px\" \/>\t\t\t\t\t\t\t\t\t\t\t\t\t\t\t<\/div>\n\t\t\t\t<\/div>\n\t\t\t\t\t<\/div>\n\t\t<\/div>\n\t\t\t\t\t\t\t<\/div>\n\t\t<\/section>\n\t\t\t\t<section class=\"elementor-section elementor-inner-section elementor-element elementor-element-578b9c3 elementor-section-boxed elementor-section-height-default elementor-section-height-default wpr-particle-no wpr-jarallax-no wpr-parallax-no wpr-sticky-section-no\" data-id=\"578b9c3\" data-element_type=\"section\">\n\t\t\t\t\t\t<div class=\"elementor-container elementor-column-gap-default\">\n\t\t\t\t\t<div class=\"elementor-column elementor-col-50 elementor-inner-column elementor-element elementor-element-0b0b994\" data-id=\"0b0b994\" data-element_type=\"column\">\n\t\t\t<div class=\"elementor-widget-wrap elementor-element-populated\">\n\t\t\t\t\t\t\t\t<div class=\"elementor-element elementor-element-28efcb5 elementor-widget elementor-widget-image\" data-id=\"28efcb5\" data-element_type=\"widget\" data-widget_type=\"image.default\">\n\t\t\t\t<div class=\"elementor-widget-container\">\n\t\t\t\t\t\t\t\t\t\t\t\t\t\t\t<img loading=\"lazy\" decoding=\"async\" width=\"819\" height=\"1024\" src=\"https:\/\/volleyball-lisieux.fr\/wp-content\/uploads\/2025\/07\/1000050267-819x1024.png\" class=\"attachment-large size-large wp-image-883\" alt=\"\" srcset=\"https:\/\/volleyball-lisieux.fr\/wp-content\/uploads\/2025\/07\/1000050267-819x1024.png 819w, https:\/\/volleyball-lisieux.fr\/wp-content\/uploads\/2025\/07\/1000050267-240x300.png 240w, https:\/\/volleyball-lisieux.fr\/wp-content\/uploads\/2025\/07\/1000050267-768x960.png 768w, https:\/\/volleyball-lisieux.fr\/wp-content\/uploads\/2025\/07\/1000050267.png 1080w\" sizes=\"auto, (max-width: 819px) 100vw, 819px\" \/>\t\t\t\t\t\t\t\t\t\t\t\t\t\t\t<\/div>\n\t\t\t\t<\/div>\n\t\t\t\t\t<\/div>\n\t\t<\/div>\n\t\t\t\t<div class=\"elementor-column elementor-col-50 elementor-inner-column elementor-element elementor-element-c60acca\" data-id=\"c60acca\" data-element_type=\"column\">\n\t\t\t<div class=\"elementor-widget-wrap elementor-element-populated\">\n\t\t\t\t\t\t\t\t<div class=\"elementor-element elementor-element-fc99268 elementor-widget elementor-widget-image\" data-id=\"fc99268\" data-element_type=\"widget\" data-widget_type=\"image.default\">\n\t\t\t\t<div class=\"elementor-widget-container\">\n\t\t\t\t\t\t\t\t\t\t\t\t\t\t\t<img loading=\"lazy\" decoding=\"async\" width=\"819\" height=\"1024\" src=\"https:\/\/volleyball-lisieux.fr\/wp-content\/uploads\/2025\/07\/1000050268-819x1024.png\" class=\"attachment-large size-large wp-image-882\" alt=\"\" srcset=\"https:\/\/volleyball-lisieux.fr\/wp-content\/uploads\/2025\/07\/1000050268-819x1024.png 819w, https:\/\/volleyball-lisieux.fr\/wp-content\/uploads\/2025\/07\/1000050268-240x300.png 240w, https:\/\/volleyball-lisieux.fr\/wp-content\/uploads\/2025\/07\/1000050268-768x960.png 768w, https:\/\/volleyball-lisieux.fr\/wp-content\/uploads\/2025\/07\/1000050268.png 1080w\" sizes=\"auto, (max-width: 819px) 100vw, 819px\" \/>\t\t\t\t\t\t\t\t\t\t\t\t\t\t\t<\/div>\n\t\t\t\t<\/div>\n\t\t\t\t\t<\/div>\n\t\t<\/div>\n\t\t\t\t\t\t\t<\/div>\n\t\t<\/section>\n\t\t\t\t\t<\/div>\n\t\t<\/div>\n\t\t\t\t\t\t\t<\/div>\n\t\t<\/section>\n\t\t\t\t<section class=\"elementor-section elementor-top-section elementor-element elementor-element-caecde7 elementor-section-boxed elementor-section-height-default elementor-section-height-default wpr-particle-no wpr-jarallax-no wpr-parallax-no wpr-sticky-section-no\" data-id=\"caecde7\" data-element_type=\"section\">\n\t\t\t\t\t\t<div class=\"elementor-container elementor-column-gap-default\">\n\t\t\t\t\t<div class=\"elementor-column elementor-col-100 elementor-top-column elementor-element elementor-element-8fb87ca\" data-id=\"8fb87ca\" data-element_type=\"column\">\n\t\t\t<div class=\"elementor-widget-wrap\">\n\t\t\t\t\t\t\t\t\t<\/div>\n\t\t<\/div>\n\t\t\t\t\t\t\t<\/div>\n\t\t<\/section>\n\t\t\t\t\t\t\t<\/div>\n\t\t","protected":false},"excerpt":{"rendered":"<p>Suite \u00e0 l&rsquo;assembl\u00e9e g\u00e9n\u00e9rale qui s&rsquo;est tenue le 25 juin 2025, voici le nouveau bureau du VBCAL. Apr\u00e8s 10 ans de pr\u00e9sidence, Mehdi laisse sa place \u00e0 Erik. Nous accueillons parmi nous Maximilien, Geoffroy, Damien et Adeline. Le seul membre sortant cette ann\u00e9e est Yannick, notre ancien secr\u00e9taire. Suite \u00e0 ces changements, merci d&rsquo;utiliser les&#8230;<\/p>\n","protected":false},"author":2,"featured_media":884,"comment_status":"open","ping_status":"open","sticky":false,"template":"","format":"standard","meta":{"_kad_post_transparent":"","_kad_post_title":"","_kad_post_layout":"","_kad_post_sidebar_id":"","_kad_post_content_style":"","_kad_post_vertical_padding":"","_kad_post_feature":"","_kad_post_feature_position":"","_kad_post_header":false,"_kad_post_footer":false,"footnotes":""},"categories":[1],"tags":[],"class_list":["post-880","post","type-post","status-publish","format-standard","has-post-thumbnail","hentry","category-vie-du-club"],"_links":{"self":[{"href":"https:\/\/volleyball-lisieux.fr\/index.php?rest_route=\/wp\/v2\/posts\/880","targetHints":{"allow":["GET"]}}],"collection":[{"href":"https:\/\/volleyball-lisieux.fr\/index.php?rest_route=\/wp\/v2\/posts"}],"about":[{"href":"https:\/\/volleyball-lisieux.fr\/index.php?rest_route=\/wp\/v2\/types\/post"}],"author":[{"embeddable":true,"href":"https:\/\/volleyball-lisieux.fr\/index.php?rest_route=\/wp\/v2\/users\/2"}],"replies":[{"embeddable":true,"href":"https:\/\/volleyball-lisieux.fr\/index.php?rest_route=%2Fwp%2Fv2%2Fcomments&post=880"}],"version-history":[{"count":28,"href":"https:\/\/volleyball-lisieux.fr\/index.php?rest_route=\/wp\/v2\/posts\/880\/revisions"}],"predecessor-version":[{"id":927,"href":"https:\/\/volleyball-lisieux.fr\/index.php?rest_route=\/wp\/v2\/posts\/880\/revisions\/927"}],"wp:featuredmedia":[{"embeddable":true,"href":"https:\/\/volleyball-lisieux.fr\/index.php?rest_route=\/wp\/v2\/media\/884"}],"wp:attachment":[{"href":"https:\/\/volleyball-lisieux.fr\/index.php?rest_route=%2Fwp%2Fv2%2Fmedia&parent=880"}],"wp:term":[{"taxonomy":"category","embeddable":true,"href":"https:\/\/volleyball-lisieux.fr\/index.php?rest_route=%2Fwp%2Fv2%2Fcategories&post=880"},{"taxonomy":"post_tag","embeddable":true,"href":"https:\/\/volleyball-lisieux.fr\/index.php?rest_route=%2Fwp%2Fv2%2Ftags&post=880"}],"curies":[{"name":"wp","href":"https:\/\/api.w.org\/{rel}","templated":true}]}}